{"id":10719,"date":"2019-11-20T16:52:22","date_gmt":"2019-11-20T21:52:22","guid":{"rendered":"https:\/\/motoridemedellin.com\/black-friday-deal\/"},"modified":"2020-05-18T18:31:43","modified_gmt":"2020-05-18T23:31:43","slug":"black-friday-deal","status":"publish","type":"post","link":"https:\/\/motoridemedellin.com\/es\/black-friday-deal\/","title":{"rendered":"Oferta Black Friday"},"content":{"rendered":"<h1 style=\"text-align: center;\">Oferta Black Friday<\/h1>\n<p>En Moto Ride Medell\u00edn queremos darte la oportunidad de coger una gran oferta para tu scooter o moto de alquiler en Medell\u00edn.<br \/>\nHaz tu reserva ahora para montar en Medell\u00edn despu\u00e9s del 1 de enero de 2020 y obt\u00e9n un 30% de descuento!<br \/>\n\u00a1Disponible solo hasta el 1 de diciembre de 2019!<br \/>\n\u00a1Ponte en contacto para obtener m\u00e1s informaci\u00f3n!<\/p>\n<p><a href=\"https:\/\/api.whatsapp.com\/send?phone=573053210632&amp;text=I%20would%20like%20to%20know%20more%20about%20the%20black%20friday%20deal\">Contactar por What&#8217;s app<\/a><\/p>\n<p><a href=\"mailto:info@motoridemedellin.com\">info@motoridemedellin.com<\/a><\/p>\n","protected":false},"excerpt":{"rendered":"<p>Oferta Black Friday En Moto Ride Medell\u00edn queremos darte la oportunidad de coger una gran oferta para tu scooter o moto de alquiler en Medell\u00edn. Haz<span class=\"excerpt-hellip\"> [\u2026]<\/span><\/p>\n","protected":false},"author":1,"featured_media":10720,"comment_status":"open","ping_status":"open","sticky":false,"template":"","format":"standard","meta":{"footnotes":""},"categories":[31],"tags":[39,43,47,56],"class_list":["post-10719","post","type-post","status-publish","format-standard","has-post-thumbnail","hentry","category-sin-categorizar","tag-alquiler-de-motocicletas-medellin","tag-alquiler-de-scooters-medellin","tag-alquiler-motos-medellin-es","tag-alquiler-scooter-medellin"],"yoast_head":"<!-- This site is optimized with the Yoast SEO plugin v27.3 - https:\/\/yoast.com\/product\/yoast-seo-wordpress\/ -->\n<title>Oferta Black Friday - Alquiler moto | Moto Ride Medellin<\/title>\n<meta name=\"description\" content=\"Reserva ya tu moto para 2020 y recibe un 30% de descuento. Desde scooter 125cc hasta motos 400cc listas para empezar tu viaje.\" \/>\n<meta name=\"robots\" content=\"index, follow, max-snippet:-1, max-image-preview:large, max-video-preview:-1\" \/>\n<link rel=\"canonical\" href=\"https:\/\/motoridemedellin.com\/es\/black-friday-deal\/\" \/>\n<meta property=\"og:locale\" content=\"es_ES\" \/>\n<meta property=\"og:type\" content=\"article\" \/>\n<meta property=\"og:title\" content=\"Oferta Black Friday - Alquiler moto | Moto Ride Medellin\" \/>\n<meta property=\"og:description\" content=\"Reserva ya tu moto para 2020 y recibe un 30% de descuento. Desde scooter 125cc hasta motos 400cc listas para empezar tu viaje.\" \/>\n<meta property=\"og:url\" content=\"https:\/\/motoridemedellin.com\/es\/black-friday-deal\/\" \/>\n<meta property=\"og:site_name\" content=\"Motorcycle rental Medellin - Moto Ride Medellin\" \/>\n<meta property=\"article:publisher\" content=\"https:\/\/www.facebook.com\/motoridemedellin\/\" \/>\n<meta property=\"article:published_time\" content=\"2019-11-20T21:52:22+00:00\" \/>\n<meta property=\"article:modified_time\" content=\"2020-05-18T23:31:43+00:00\" \/>\n<meta property=\"og:image\" content=\"https:\/\/motoridemedellin.com\/wp-content\/uploads\/2019\/11\/Black-Friday-deal-for-web.jpg\" \/>\n\t<meta property=\"og:image:width\" content=\"1200\" \/>\n\t<meta property=\"og:image:height\" content=\"600\" \/>\n\t<meta property=\"og:image:type\" content=\"image\/jpeg\" \/>\n<meta name=\"author\" content=\"rubencanadas0101\" \/>\n<meta name=\"twitter:card\" content=\"summary_large_image\" \/>\n<meta name=\"twitter:creator\" content=\"@motoridem\" \/>\n<meta name=\"twitter:site\" content=\"@motoridem\" \/>\n<meta name=\"twitter:label1\" content=\"Escrito por\" \/>\n\t<meta name=\"twitter:data1\" content=\"rubencanadas0101\" \/>\n<script type=\"application\/ld+json\" class=\"yoast-schema-graph\">{\"@context\":\"https:\\\/\\\/schema.org\",\"@graph\":[{\"@type\":\"Article\",\"@id\":\"https:\\\/\\\/motoridemedellin.com\\\/es\\\/black-friday-deal\\\/#article\",\"isPartOf\":{\"@id\":\"https:\\\/\\\/motoridemedellin.com\\\/es\\\/black-friday-deal\\\/\"},\"author\":{\"name\":\"rubencanadas0101\",\"@id\":\"https:\\\/\\\/motoridemedellin.com\\\/en\\\/#\\\/schema\\\/person\\\/6c844ec156cc724a8915c3a7402a899a\"},\"headline\":\"Oferta Black Friday\",\"datePublished\":\"2019-11-20T21:52:22+00:00\",\"dateModified\":\"2020-05-18T23:31:43+00:00\",\"mainEntityOfPage\":{\"@id\":\"https:\\\/\\\/motoridemedellin.com\\\/es\\\/black-friday-deal\\\/\"},\"wordCount\":75,\"commentCount\":0,\"publisher\":{\"@id\":\"https:\\\/\\\/motoridemedellin.com\\\/en\\\/#organization\"},\"image\":{\"@id\":\"https:\\\/\\\/motoridemedellin.com\\\/es\\\/black-friday-deal\\\/#primaryimage\"},\"thumbnailUrl\":\"https:\\\/\\\/motoridemedellin.com\\\/wp-content\\\/uploads\\\/2019\\\/11\\\/Black-Friday-deal-for-web.jpg\",\"keywords\":[\"alquiler de motocicletas medell\u00edn\",\"alquiler de scooters medell\u00edn\",\"alquiler motos medell\u00edn\",\"alquiler scooter medellin\"],\"articleSection\":[\"Sin categorizar\"],\"inLanguage\":\"es\",\"potentialAction\":[{\"@type\":\"CommentAction\",\"name\":\"Comment\",\"target\":[\"https:\\\/\\\/motoridemedellin.com\\\/es\\\/black-friday-deal\\\/#respond\"]}]},{\"@type\":\"WebPage\",\"@id\":\"https:\\\/\\\/motoridemedellin.com\\\/es\\\/black-friday-deal\\\/\",\"url\":\"https:\\\/\\\/motoridemedellin.com\\\/es\\\/black-friday-deal\\\/\",\"name\":\"Oferta Black Friday - Alquiler moto | Moto Ride Medellin\",\"isPartOf\":{\"@id\":\"https:\\\/\\\/motoridemedellin.com\\\/en\\\/#website\"},\"primaryImageOfPage\":{\"@id\":\"https:\\\/\\\/motoridemedellin.com\\\/es\\\/black-friday-deal\\\/#primaryimage\"},\"image\":{\"@id\":\"https:\\\/\\\/motoridemedellin.com\\\/es\\\/black-friday-deal\\\/#primaryimage\"},\"thumbnailUrl\":\"https:\\\/\\\/motoridemedellin.com\\\/wp-content\\\/uploads\\\/2019\\\/11\\\/Black-Friday-deal-for-web.jpg\",\"datePublished\":\"2019-11-20T21:52:22+00:00\",\"dateModified\":\"2020-05-18T23:31:43+00:00\",\"description\":\"Reserva ya tu moto para 2020 y recibe un 30% de descuento. Desde scooter 125cc hasta motos 400cc listas para empezar tu viaje.\",\"breadcrumb\":{\"@id\":\"https:\\\/\\\/motoridemedellin.com\\\/es\\\/black-friday-deal\\\/#breadcrumb\"},\"inLanguage\":\"es\",\"potentialAction\":[{\"@type\":\"ReadAction\",\"target\":[\"https:\\\/\\\/motoridemedellin.com\\\/es\\\/black-friday-deal\\\/\"]}]},{\"@type\":\"ImageObject\",\"inLanguage\":\"es\",\"@id\":\"https:\\\/\\\/motoridemedellin.com\\\/es\\\/black-friday-deal\\\/#primaryimage\",\"url\":\"https:\\\/\\\/motoridemedellin.com\\\/wp-content\\\/uploads\\\/2019\\\/11\\\/Black-Friday-deal-for-web.jpg\",\"contentUrl\":\"https:\\\/\\\/motoridemedellin.com\\\/wp-content\\\/uploads\\\/2019\\\/11\\\/Black-Friday-deal-for-web.jpg\",\"width\":1200,\"height\":600,\"caption\":\"Promoci\u00f3n de descuento del Black Friday\"},{\"@type\":\"BreadcrumbList\",\"@id\":\"https:\\\/\\\/motoridemedellin.com\\\/es\\\/black-friday-deal\\\/#breadcrumb\",\"itemListElement\":[{\"@type\":\"ListItem\",\"position\":1,\"name\":\"Home\",\"item\":\"https:\\\/\\\/motoridemedellin.com\\\/es\\\/\"},{\"@type\":\"ListItem\",\"position\":2,\"name\":\"Oferta Black Friday\"}]},{\"@type\":\"WebSite\",\"@id\":\"https:\\\/\\\/motoridemedellin.com\\\/en\\\/#website\",\"url\":\"https:\\\/\\\/motoridemedellin.com\\\/en\\\/\",\"name\":\"Motorcycle tours & rental Medellin - Moto Ride Medellin\",\"description\":\"Scooter &amp; Motorcycle rental in Medellin\",\"publisher\":{\"@id\":\"https:\\\/\\\/motoridemedellin.com\\\/en\\\/#organization\"},\"potentialAction\":[{\"@type\":\"SearchAction\",\"target\":{\"@type\":\"EntryPoint\",\"urlTemplate\":\"https:\\\/\\\/motoridemedellin.com\\\/en\\\/?s={search_term_string}\"},\"query-input\":{\"@type\":\"PropertyValueSpecification\",\"valueRequired\":true,\"valueName\":\"search_term_string\"}}],\"inLanguage\":\"es\"},{\"@type\":\"Organization\",\"@id\":\"https:\\\/\\\/motoridemedellin.com\\\/en\\\/#organization\",\"name\":\"Moto Ride Medellin\",\"url\":\"https:\\\/\\\/motoridemedellin.com\\\/en\\\/\",\"logo\":{\"@type\":\"ImageObject\",\"inLanguage\":\"es\",\"@id\":\"https:\\\/\\\/motoridemedellin.com\\\/en\\\/#\\\/schema\\\/logo\\\/image\\\/\",\"url\":\"https:\\\/\\\/motoridemedellin.com\\\/wp-content\\\/uploads\\\/2020\\\/05\\\/Logo-grande-scaled.jpg\",\"contentUrl\":\"https:\\\/\\\/motoridemedellin.com\\\/wp-content\\\/uploads\\\/2020\\\/05\\\/Logo-grande-scaled.jpg\",\"width\":2560,\"height\":2560,\"caption\":\"Moto Ride Medellin\"},\"image\":{\"@id\":\"https:\\\/\\\/motoridemedellin.com\\\/en\\\/#\\\/schema\\\/logo\\\/image\\\/\"},\"sameAs\":[\"https:\\\/\\\/www.facebook.com\\\/motoridemedellin\\\/\",\"https:\\\/\\\/x.com\\\/motoridem\",\"https:\\\/\\\/instagram.com\\\/motoridemedellin\",\"https:\\\/\\\/www.linkedin.com\\\/company\\\/moto-ride-medellin\",\"https:\\\/\\\/www.youtube.com\\\/channel\\\/UCO8kMoPzVrsKqgKiFxwTNmg\"]},{\"@type\":\"Person\",\"@id\":\"https:\\\/\\\/motoridemedellin.com\\\/en\\\/#\\\/schema\\\/person\\\/6c844ec156cc724a8915c3a7402a899a\",\"name\":\"rubencanadas0101\",\"image\":{\"@type\":\"ImageObject\",\"inLanguage\":\"es\",\"@id\":\"https:\\\/\\\/secure.gravatar.com\\\/avatar\\\/178fcc585fe9797b6fc8c39191c4da83d5edae5cc7e88996775c8353f2065570?s=96&d=mm&r=g\",\"url\":\"https:\\\/\\\/secure.gravatar.com\\\/avatar\\\/178fcc585fe9797b6fc8c39191c4da83d5edae5cc7e88996775c8353f2065570?s=96&d=mm&r=g\",\"contentUrl\":\"https:\\\/\\\/secure.gravatar.com\\\/avatar\\\/178fcc585fe9797b6fc8c39191c4da83d5edae5cc7e88996775c8353f2065570?s=96&d=mm&r=g\",\"caption\":\"rubencanadas0101\"}}]}<\/script>\n<!-- \/ Yoast SEO plugin. -->","yoast_head_json":{"title":"Oferta Black Friday - Alquiler moto | Moto Ride Medellin","description":"Reserva ya tu moto para 2020 y recibe un 30% de descuento. Desde scooter 125cc hasta motos 400cc listas para empezar tu viaje.","robots":{"index":"index","follow":"follow","max-snippet":"max-snippet:-1","max-image-preview":"max-image-preview:large","max-video-preview":"max-video-preview:-1"},"canonical":"https:\/\/motoridemedellin.com\/es\/black-friday-deal\/","og_locale":"es_ES","og_type":"article","og_title":"Oferta Black Friday - Alquiler moto | Moto Ride Medellin","og_description":"Reserva ya tu moto para 2020 y recibe un 30% de descuento. Desde scooter 125cc hasta motos 400cc listas para empezar tu viaje.","og_url":"https:\/\/motoridemedellin.com\/es\/black-friday-deal\/","og_site_name":"Motorcycle rental Medellin - Moto Ride Medellin","article_publisher":"https:\/\/www.facebook.com\/motoridemedellin\/","article_published_time":"2019-11-20T21:52:22+00:00","article_modified_time":"2020-05-18T23:31:43+00:00","og_image":[{"width":1200,"height":600,"url":"https:\/\/motoridemedellin.com\/wp-content\/uploads\/2019\/11\/Black-Friday-deal-for-web.jpg","type":"image\/jpeg"}],"author":"rubencanadas0101","twitter_card":"summary_large_image","twitter_creator":"@motoridem","twitter_site":"@motoridem","twitter_misc":{"Escrito por":"rubencanadas0101"},"schema":{"@context":"https:\/\/schema.org","@graph":[{"@type":"Article","@id":"https:\/\/motoridemedellin.com\/es\/black-friday-deal\/#article","isPartOf":{"@id":"https:\/\/motoridemedellin.com\/es\/black-friday-deal\/"},"author":{"name":"rubencanadas0101","@id":"https:\/\/motoridemedellin.com\/en\/#\/schema\/person\/6c844ec156cc724a8915c3a7402a899a"},"headline":"Oferta Black Friday","datePublished":"2019-11-20T21:52:22+00:00","dateModified":"2020-05-18T23:31:43+00:00","mainEntityOfPage":{"@id":"https:\/\/motoridemedellin.com\/es\/black-friday-deal\/"},"wordCount":75,"commentCount":0,"publisher":{"@id":"https:\/\/motoridemedellin.com\/en\/#organization"},"image":{"@id":"https:\/\/motoridemedellin.com\/es\/black-friday-deal\/#primaryimage"},"thumbnailUrl":"https:\/\/motoridemedellin.com\/wp-content\/uploads\/2019\/11\/Black-Friday-deal-for-web.jpg","keywords":["alquiler de motocicletas medell\u00edn","alquiler de scooters medell\u00edn","alquiler motos medell\u00edn","alquiler scooter medellin"],"articleSection":["Sin categorizar"],"inLanguage":"es","potentialAction":[{"@type":"CommentAction","name":"Comment","target":["https:\/\/motoridemedellin.com\/es\/black-friday-deal\/#respond"]}]},{"@type":"WebPage","@id":"https:\/\/motoridemedellin.com\/es\/black-friday-deal\/","url":"https:\/\/motoridemedellin.com\/es\/black-friday-deal\/","name":"Oferta Black Friday - Alquiler moto | Moto Ride Medellin","isPartOf":{"@id":"https:\/\/motoridemedellin.com\/en\/#website"},"primaryImageOfPage":{"@id":"https:\/\/motoridemedellin.com\/es\/black-friday-deal\/#primaryimage"},"image":{"@id":"https:\/\/motoridemedellin.com\/es\/black-friday-deal\/#primaryimage"},"thumbnailUrl":"https:\/\/motoridemedellin.com\/wp-content\/uploads\/2019\/11\/Black-Friday-deal-for-web.jpg","datePublished":"2019-11-20T21:52:22+00:00","dateModified":"2020-05-18T23:31:43+00:00","description":"Reserva ya tu moto para 2020 y recibe un 30% de descuento. Desde scooter 125cc hasta motos 400cc listas para empezar tu viaje.","breadcrumb":{"@id":"https:\/\/motoridemedellin.com\/es\/black-friday-deal\/#breadcrumb"},"inLanguage":"es","potentialAction":[{"@type":"ReadAction","target":["https:\/\/motoridemedellin.com\/es\/black-friday-deal\/"]}]},{"@type":"ImageObject","inLanguage":"es","@id":"https:\/\/motoridemedellin.com\/es\/black-friday-deal\/#primaryimage","url":"https:\/\/motoridemedellin.com\/wp-content\/uploads\/2019\/11\/Black-Friday-deal-for-web.jpg","contentUrl":"https:\/\/motoridemedellin.com\/wp-content\/uploads\/2019\/11\/Black-Friday-deal-for-web.jpg","width":1200,"height":600,"caption":"Promoci\u00f3n de descuento del Black Friday"},{"@type":"BreadcrumbList","@id":"https:\/\/motoridemedellin.com\/es\/black-friday-deal\/#breadcrumb","itemListElement":[{"@type":"ListItem","position":1,"name":"Home","item":"https:\/\/motoridemedellin.com\/es\/"},{"@type":"ListItem","position":2,"name":"Oferta Black Friday"}]},{"@type":"WebSite","@id":"https:\/\/motoridemedellin.com\/en\/#website","url":"https:\/\/motoridemedellin.com\/en\/","name":"Motorcycle tours & rental Medellin - Moto Ride Medellin","description":"Scooter &amp; Motorcycle rental in Medellin","publisher":{"@id":"https:\/\/motoridemedellin.com\/en\/#organization"},"potentialAction":[{"@type":"SearchAction","target":{"@type":"EntryPoint","urlTemplate":"https:\/\/motoridemedellin.com\/en\/?s={search_term_string}"},"query-input":{"@type":"PropertyValueSpecification","valueRequired":true,"valueName":"search_term_string"}}],"inLanguage":"es"},{"@type":"Organization","@id":"https:\/\/motoridemedellin.com\/en\/#organization","name":"Moto Ride Medellin","url":"https:\/\/motoridemedellin.com\/en\/","logo":{"@type":"ImageObject","inLanguage":"es","@id":"https:\/\/motoridemedellin.com\/en\/#\/schema\/logo\/image\/","url":"https:\/\/motoridemedellin.com\/wp-content\/uploads\/2020\/05\/Logo-grande-scaled.jpg","contentUrl":"https:\/\/motoridemedellin.com\/wp-content\/uploads\/2020\/05\/Logo-grande-scaled.jpg","width":2560,"height":2560,"caption":"Moto Ride Medellin"},"image":{"@id":"https:\/\/motoridemedellin.com\/en\/#\/schema\/logo\/image\/"},"sameAs":["https:\/\/www.facebook.com\/motoridemedellin\/","https:\/\/x.com\/motoridem","https:\/\/instagram.com\/motoridemedellin","https:\/\/www.linkedin.com\/company\/moto-ride-medellin","https:\/\/www.youtube.com\/channel\/UCO8kMoPzVrsKqgKiFxwTNmg"]},{"@type":"Person","@id":"https:\/\/motoridemedellin.com\/en\/#\/schema\/person\/6c844ec156cc724a8915c3a7402a899a","name":"rubencanadas0101","image":{"@type":"ImageObject","inLanguage":"es","@id":"https:\/\/secure.gravatar.com\/avatar\/178fcc585fe9797b6fc8c39191c4da83d5edae5cc7e88996775c8353f2065570?s=96&d=mm&r=g","url":"https:\/\/secure.gravatar.com\/avatar\/178fcc585fe9797b6fc8c39191c4da83d5edae5cc7e88996775c8353f2065570?s=96&d=mm&r=g","contentUrl":"https:\/\/secure.gravatar.com\/avatar\/178fcc585fe9797b6fc8c39191c4da83d5edae5cc7e88996775c8353f2065570?s=96&d=mm&r=g","caption":"rubencanadas0101"}}]}},"_links":{"self":[{"href":"https:\/\/motoridemedellin.com\/es\/wp-json\/wp\/v2\/posts\/10719","targetHints":{"allow":["GET"]}}],"collection":[{"href":"https:\/\/motoridemedellin.com\/es\/wp-json\/wp\/v2\/posts"}],"about":[{"href":"https:\/\/motoridemedellin.com\/es\/wp-json\/wp\/v2\/types\/post"}],"author":[{"embeddable":true,"href":"https:\/\/motoridemedellin.com\/es\/wp-json\/wp\/v2\/users\/1"}],"replies":[{"embeddable":true,"href":"https:\/\/motoridemedellin.com\/es\/wp-json\/wp\/v2\/comments?post=10719"}],"version-history":[{"count":2,"href":"https:\/\/motoridemedellin.com\/es\/wp-json\/wp\/v2\/posts\/10719\/revisions"}],"predecessor-version":[{"id":10736,"href":"https:\/\/motoridemedellin.com\/es\/wp-json\/wp\/v2\/posts\/10719\/revisions\/10736"}],"wp:featuredmedia":[{"embeddable":true,"href":"https:\/\/motoridemedellin.com\/es\/wp-json\/wp\/v2\/media\/10720"}],"wp:attachment":[{"href":"https:\/\/motoridemedellin.com\/es\/wp-json\/wp\/v2\/media?parent=10719"}],"wp:term":[{"taxonomy":"category","embeddable":true,"href":"https:\/\/motoridemedellin.com\/es\/wp-json\/wp\/v2\/categories?post=10719"},{"taxonomy":"post_tag","embeddable":true,"href":"https:\/\/motoridemedellin.com\/es\/wp-json\/wp\/v2\/tags?post=10719"}],"curies":[{"name":"wp","href":"https:\/\/api.w.org\/{rel}","templated":true}]}}