{"id":11597,"date":"2023-12-07T11:57:59","date_gmt":"2023-12-07T16:57:59","guid":{"rendered":"https:\/\/motoridemedellin.com\/6-days-colombia-moto-tour-march-2024\/"},"modified":"2023-12-07T12:02:10","modified_gmt":"2023-12-07T17:02:10","slug":"6-dias-colombia-moto-tour-marzo-2024","status":"publish","type":"post","link":"https:\/\/motoridemedellin.com\/es\/6-dias-colombia-moto-tour-marzo-2024\/","title":{"rendered":"6 D\u00edas Colombia Moto Tour Marzo 2024"},"content":{"rendered":"","protected":false},"excerpt":{"rendered":"<p>\u00bfEst\u00e1s listo para embarcarte en un viaje que redefinir\u00e1 tu sentido de la aventura? No busques m\u00e1s, los cautivadores paisajes de Colombia son el para\u00edso de los motoristas, donde la carretera abierta se extiende como un lienzo pintado con maravillas naturales.<\/p>\n","protected":false},"author":5,"featured_media":11578,"comment_status":"open","ping_status":"open","sticky":false,"template":"","format":"standard","meta":{"footnotes":""},"categories":[31],"tags":[81,39,80,79],"class_list":["post-11597","post","type-post","status-publish","format-standard","has-post-thumbnail","hentry","category-sin-categorizar","tag-6-dias-moto-tour-colombia","tag-alquiler-de-motocicletas-medellin","tag-moto-tour-colombia-es","tag-moto-turismo-colombia"],"yoast_head":"<!-- This site is optimized with the Yoast SEO plugin v27.3 - https:\/\/yoast.com\/product\/yoast-seo-wordpress\/ -->\n<title>Moto Touring Colombia - Moto Ride Medellin<\/title>\n<meta name=\"description\" content=\"Colombia, un para\u00edso para los motoristas donde la carretera se extiende como un lienzo pintado con maravillas naturales.\" \/>\n<meta name=\"robots\" content=\"index, follow, max-snippet:-1, max-image-preview:large, max-video-preview:-1\" \/>\n<link rel=\"canonical\" href=\"https:\/\/motoridemedellin.com\/es\/6-dias-colombia-moto-tour-marzo-2024\/\" \/>\n<meta property=\"og:locale\" content=\"es_ES\" \/>\n<meta property=\"og:type\" content=\"article\" \/>\n<meta property=\"og:title\" content=\"Moto Touring Colombia - Moto Ride Medellin\" \/>\n<meta property=\"og:description\" content=\"Colombia, un para\u00edso para los motoristas donde la carretera se extiende como un lienzo pintado con maravillas naturales.\" \/>\n<meta property=\"og:url\" content=\"https:\/\/motoridemedellin.com\/es\/6-dias-colombia-moto-tour-marzo-2024\/\" \/>\n<meta property=\"og:site_name\" content=\"Motorcycle rental Medellin - Moto Ride Medellin\" \/>\n<meta property=\"article:publisher\" content=\"https:\/\/www.facebook.com\/motoridemedellin\/\" \/>\n<meta property=\"article:published_time\" content=\"2023-12-07T16:57:59+00:00\" \/>\n<meta property=\"article:modified_time\" content=\"2023-12-07T17:02:10+00:00\" \/>\n<meta property=\"og:image\" content=\"https:\/\/motoridemedellin.com\/wp-content\/uploads\/2023\/12\/PNN-los-Nevados-5-scaled.jpg\" \/>\n\t<meta property=\"og:image:width\" content=\"2560\" \/>\n\t<meta property=\"og:image:height\" content=\"1440\" \/>\n\t<meta property=\"og:image:type\" content=\"image\/jpeg\" \/>\n<meta name=\"author\" content=\"dand0l3\" \/>\n<meta name=\"twitter:card\" content=\"summary_large_image\" \/>\n<meta name=\"twitter:creator\" content=\"@motoridem\" \/>\n<meta name=\"twitter:site\" content=\"@motoridem\" \/>\n<meta name=\"twitter:label1\" content=\"Escrito por\" \/>\n\t<meta name=\"twitter:data1\" content=\"dand0l3\" \/>\n<script type=\"application\/ld+json\" class=\"yoast-schema-graph\">{\"@context\":\"https:\\\/\\\/schema.org\",\"@graph\":[{\"@type\":\"Article\",\"@id\":\"https:\\\/\\\/motoridemedellin.com\\\/es\\\/6-dias-colombia-moto-tour-marzo-2024\\\/#article\",\"isPartOf\":{\"@id\":\"https:\\\/\\\/motoridemedellin.com\\\/es\\\/6-dias-colombia-moto-tour-marzo-2024\\\/\"},\"author\":{\"name\":\"dand0l3\",\"@id\":\"https:\\\/\\\/motoridemedellin.com\\\/en\\\/#\\\/schema\\\/person\\\/0926e1597f0f8db4369c2ad7bcc88ff6\"},\"headline\":\"6 D\u00edas Colombia Moto Tour Marzo 2024\",\"datePublished\":\"2023-12-07T16:57:59+00:00\",\"dateModified\":\"2023-12-07T17:02:10+00:00\",\"mainEntityOfPage\":{\"@id\":\"https:\\\/\\\/motoridemedellin.com\\\/es\\\/6-dias-colombia-moto-tour-marzo-2024\\\/\"},\"wordCount\":6,\"commentCount\":0,\"publisher\":{\"@id\":\"https:\\\/\\\/motoridemedellin.com\\\/en\\\/#organization\"},\"image\":{\"@id\":\"https:\\\/\\\/motoridemedellin.com\\\/es\\\/6-dias-colombia-moto-tour-marzo-2024\\\/#primaryimage\"},\"thumbnailUrl\":\"https:\\\/\\\/motoridemedellin.com\\\/wp-content\\\/uploads\\\/2023\\\/12\\\/PNN-los-Nevados-5-scaled.jpg\",\"keywords\":[\"6 d\u00edas moto tour colombia\",\"alquiler de motocicletas medell\u00edn\",\"moto tour colombia\",\"moto turismo colombia\"],\"articleSection\":[\"Sin categorizar\"],\"inLanguage\":\"es\",\"potentialAction\":[{\"@type\":\"CommentAction\",\"name\":\"Comment\",\"target\":[\"https:\\\/\\\/motoridemedellin.com\\\/es\\\/6-dias-colombia-moto-tour-marzo-2024\\\/#respond\"]}]},{\"@type\":\"WebPage\",\"@id\":\"https:\\\/\\\/motoridemedellin.com\\\/es\\\/6-dias-colombia-moto-tour-marzo-2024\\\/\",\"url\":\"https:\\\/\\\/motoridemedellin.com\\\/es\\\/6-dias-colombia-moto-tour-marzo-2024\\\/\",\"name\":\"Moto Touring Colombia - Moto Ride Medellin\",\"isPartOf\":{\"@id\":\"https:\\\/\\\/motoridemedellin.com\\\/en\\\/#website\"},\"primaryImageOfPage\":{\"@id\":\"https:\\\/\\\/motoridemedellin.com\\\/es\\\/6-dias-colombia-moto-tour-marzo-2024\\\/#primaryimage\"},\"image\":{\"@id\":\"https:\\\/\\\/motoridemedellin.com\\\/es\\\/6-dias-colombia-moto-tour-marzo-2024\\\/#primaryimage\"},\"thumbnailUrl\":\"https:\\\/\\\/motoridemedellin.com\\\/wp-content\\\/uploads\\\/2023\\\/12\\\/PNN-los-Nevados-5-scaled.jpg\",\"datePublished\":\"2023-12-07T16:57:59+00:00\",\"dateModified\":\"2023-12-07T17:02:10+00:00\",\"description\":\"Colombia, un para\u00edso para los motoristas donde la carretera se extiende como un lienzo pintado con maravillas naturales.\",\"breadcrumb\":{\"@id\":\"https:\\\/\\\/motoridemedellin.com\\\/es\\\/6-dias-colombia-moto-tour-marzo-2024\\\/#breadcrumb\"},\"inLanguage\":\"es\",\"potentialAction\":[{\"@type\":\"ReadAction\",\"target\":[\"https:\\\/\\\/motoridemedellin.com\\\/es\\\/6-dias-colombia-moto-tour-marzo-2024\\\/\"]}]},{\"@type\":\"ImageObject\",\"inLanguage\":\"es\",\"@id\":\"https:\\\/\\\/motoridemedellin.com\\\/es\\\/6-dias-colombia-moto-tour-marzo-2024\\\/#primaryimage\",\"url\":\"https:\\\/\\\/motoridemedellin.com\\\/wp-content\\\/uploads\\\/2023\\\/12\\\/PNN-los-Nevados-5-scaled.jpg\",\"contentUrl\":\"https:\\\/\\\/motoridemedellin.com\\\/wp-content\\\/uploads\\\/2023\\\/12\\\/PNN-los-Nevados-5-scaled.jpg\",\"width\":2560,\"height\":1440},{\"@type\":\"BreadcrumbList\",\"@id\":\"https:\\\/\\\/motoridemedellin.com\\\/es\\\/6-dias-colombia-moto-tour-marzo-2024\\\/#breadcrumb\",\"itemListElement\":[{\"@type\":\"ListItem\",\"position\":1,\"name\":\"Home\",\"item\":\"https:\\\/\\\/motoridemedellin.com\\\/es\\\/\"},{\"@type\":\"ListItem\",\"position\":2,\"name\":\"6 D\u00edas Colombia Moto Tour Marzo 2024\"}]},{\"@type\":\"WebSite\",\"@id\":\"https:\\\/\\\/motoridemedellin.com\\\/en\\\/#website\",\"url\":\"https:\\\/\\\/motoridemedellin.com\\\/en\\\/\",\"name\":\"Motorcycle tours & rental Medellin - Moto Ride Medellin\",\"description\":\"Scooter &amp; Motorcycle rental in Medellin\",\"publisher\":{\"@id\":\"https:\\\/\\\/motoridemedellin.com\\\/en\\\/#organization\"},\"potentialAction\":[{\"@type\":\"SearchAction\",\"target\":{\"@type\":\"EntryPoint\",\"urlTemplate\":\"https:\\\/\\\/motoridemedellin.com\\\/en\\\/?s={search_term_string}\"},\"query-input\":{\"@type\":\"PropertyValueSpecification\",\"valueRequired\":true,\"valueName\":\"search_term_string\"}}],\"inLanguage\":\"es\"},{\"@type\":\"Organization\",\"@id\":\"https:\\\/\\\/motoridemedellin.com\\\/en\\\/#organization\",\"name\":\"Moto Ride Medellin\",\"url\":\"https:\\\/\\\/motoridemedellin.com\\\/en\\\/\",\"logo\":{\"@type\":\"ImageObject\",\"inLanguage\":\"es\",\"@id\":\"https:\\\/\\\/motoridemedellin.com\\\/en\\\/#\\\/schema\\\/logo\\\/image\\\/\",\"url\":\"https:\\\/\\\/motoridemedellin.com\\\/wp-content\\\/uploads\\\/2020\\\/05\\\/Logo-grande-scaled.jpg\",\"contentUrl\":\"https:\\\/\\\/motoridemedellin.com\\\/wp-content\\\/uploads\\\/2020\\\/05\\\/Logo-grande-scaled.jpg\",\"width\":2560,\"height\":2560,\"caption\":\"Moto Ride Medellin\"},\"image\":{\"@id\":\"https:\\\/\\\/motoridemedellin.com\\\/en\\\/#\\\/schema\\\/logo\\\/image\\\/\"},\"sameAs\":[\"https:\\\/\\\/www.facebook.com\\\/motoridemedellin\\\/\",\"https:\\\/\\\/x.com\\\/motoridem\",\"https:\\\/\\\/instagram.com\\\/motoridemedellin\",\"https:\\\/\\\/www.linkedin.com\\\/company\\\/moto-ride-medellin\",\"https:\\\/\\\/www.youtube.com\\\/channel\\\/UCO8kMoPzVrsKqgKiFxwTNmg\"]},{\"@type\":\"Person\",\"@id\":\"https:\\\/\\\/motoridemedellin.com\\\/en\\\/#\\\/schema\\\/person\\\/0926e1597f0f8db4369c2ad7bcc88ff6\",\"name\":\"dand0l3\",\"image\":{\"@type\":\"ImageObject\",\"inLanguage\":\"es\",\"@id\":\"https:\\\/\\\/secure.gravatar.com\\\/avatar\\\/88ffdd34dc88df396ffb1ac304c432bfe51da8143e880e2f0ef524989862ddf2?s=96&d=mm&r=g\",\"url\":\"https:\\\/\\\/secure.gravatar.com\\\/avatar\\\/88ffdd34dc88df396ffb1ac304c432bfe51da8143e880e2f0ef524989862ddf2?s=96&d=mm&r=g\",\"contentUrl\":\"https:\\\/\\\/secure.gravatar.com\\\/avatar\\\/88ffdd34dc88df396ffb1ac304c432bfe51da8143e880e2f0ef524989862ddf2?s=96&d=mm&r=g\",\"caption\":\"dand0l3\"}}]}<\/script>\n<!-- \/ Yoast SEO plugin. -->","yoast_head_json":{"title":"Moto Touring Colombia - Moto Ride Medellin","description":"Colombia, un para\u00edso para los motoristas donde la carretera se extiende como un lienzo pintado con maravillas naturales.","robots":{"index":"index","follow":"follow","max-snippet":"max-snippet:-1","max-image-preview":"max-image-preview:large","max-video-preview":"max-video-preview:-1"},"canonical":"https:\/\/motoridemedellin.com\/es\/6-dias-colombia-moto-tour-marzo-2024\/","og_locale":"es_ES","og_type":"article","og_title":"Moto Touring Colombia - Moto Ride Medellin","og_description":"Colombia, un para\u00edso para los motoristas donde la carretera se extiende como un lienzo pintado con maravillas naturales.","og_url":"https:\/\/motoridemedellin.com\/es\/6-dias-colombia-moto-tour-marzo-2024\/","og_site_name":"Motorcycle rental Medellin - Moto Ride Medellin","article_publisher":"https:\/\/www.facebook.com\/motoridemedellin\/","article_published_time":"2023-12-07T16:57:59+00:00","article_modified_time":"2023-12-07T17:02:10+00:00","og_image":[{"width":2560,"height":1440,"url":"https:\/\/motoridemedellin.com\/wp-content\/uploads\/2023\/12\/PNN-los-Nevados-5-scaled.jpg","type":"image\/jpeg"}],"author":"dand0l3","twitter_card":"summary_large_image","twitter_creator":"@motoridem","twitter_site":"@motoridem","twitter_misc":{"Escrito por":"dand0l3"},"schema":{"@context":"https:\/\/schema.org","@graph":[{"@type":"Article","@id":"https:\/\/motoridemedellin.com\/es\/6-dias-colombia-moto-tour-marzo-2024\/#article","isPartOf":{"@id":"https:\/\/motoridemedellin.com\/es\/6-dias-colombia-moto-tour-marzo-2024\/"},"author":{"name":"dand0l3","@id":"https:\/\/motoridemedellin.com\/en\/#\/schema\/person\/0926e1597f0f8db4369c2ad7bcc88ff6"},"headline":"6 D\u00edas Colombia Moto Tour Marzo 2024","datePublished":"2023-12-07T16:57:59+00:00","dateModified":"2023-12-07T17:02:10+00:00","mainEntityOfPage":{"@id":"https:\/\/motoridemedellin.com\/es\/6-dias-colombia-moto-tour-marzo-2024\/"},"wordCount":6,"commentCount":0,"publisher":{"@id":"https:\/\/motoridemedellin.com\/en\/#organization"},"image":{"@id":"https:\/\/motoridemedellin.com\/es\/6-dias-colombia-moto-tour-marzo-2024\/#primaryimage"},"thumbnailUrl":"https:\/\/motoridemedellin.com\/wp-content\/uploads\/2023\/12\/PNN-los-Nevados-5-scaled.jpg","keywords":["6 d\u00edas moto tour colombia","alquiler de motocicletas medell\u00edn","moto tour colombia","moto turismo colombia"],"articleSection":["Sin categorizar"],"inLanguage":"es","potentialAction":[{"@type":"CommentAction","name":"Comment","target":["https:\/\/motoridemedellin.com\/es\/6-dias-colombia-moto-tour-marzo-2024\/#respond"]}]},{"@type":"WebPage","@id":"https:\/\/motoridemedellin.com\/es\/6-dias-colombia-moto-tour-marzo-2024\/","url":"https:\/\/motoridemedellin.com\/es\/6-dias-colombia-moto-tour-marzo-2024\/","name":"Moto Touring Colombia - Moto Ride Medellin","isPartOf":{"@id":"https:\/\/motoridemedellin.com\/en\/#website"},"primaryImageOfPage":{"@id":"https:\/\/motoridemedellin.com\/es\/6-dias-colombia-moto-tour-marzo-2024\/#primaryimage"},"image":{"@id":"https:\/\/motoridemedellin.com\/es\/6-dias-colombia-moto-tour-marzo-2024\/#primaryimage"},"thumbnailUrl":"https:\/\/motoridemedellin.com\/wp-content\/uploads\/2023\/12\/PNN-los-Nevados-5-scaled.jpg","datePublished":"2023-12-07T16:57:59+00:00","dateModified":"2023-12-07T17:02:10+00:00","description":"Colombia, un para\u00edso para los motoristas donde la carretera se extiende como un lienzo pintado con maravillas naturales.","breadcrumb":{"@id":"https:\/\/motoridemedellin.com\/es\/6-dias-colombia-moto-tour-marzo-2024\/#breadcrumb"},"inLanguage":"es","potentialAction":[{"@type":"ReadAction","target":["https:\/\/motoridemedellin.com\/es\/6-dias-colombia-moto-tour-marzo-2024\/"]}]},{"@type":"ImageObject","inLanguage":"es","@id":"https:\/\/motoridemedellin.com\/es\/6-dias-colombia-moto-tour-marzo-2024\/#primaryimage","url":"https:\/\/motoridemedellin.com\/wp-content\/uploads\/2023\/12\/PNN-los-Nevados-5-scaled.jpg","contentUrl":"https:\/\/motoridemedellin.com\/wp-content\/uploads\/2023\/12\/PNN-los-Nevados-5-scaled.jpg","width":2560,"height":1440},{"@type":"BreadcrumbList","@id":"https:\/\/motoridemedellin.com\/es\/6-dias-colombia-moto-tour-marzo-2024\/#breadcrumb","itemListElement":[{"@type":"ListItem","position":1,"name":"Home","item":"https:\/\/motoridemedellin.com\/es\/"},{"@type":"ListItem","position":2,"name":"6 D\u00edas Colombia Moto Tour Marzo 2024"}]},{"@type":"WebSite","@id":"https:\/\/motoridemedellin.com\/en\/#website","url":"https:\/\/motoridemedellin.com\/en\/","name":"Motorcycle tours & rental Medellin - Moto Ride Medellin","description":"Scooter &amp; Motorcycle rental in Medellin","publisher":{"@id":"https:\/\/motoridemedellin.com\/en\/#organization"},"potentialAction":[{"@type":"SearchAction","target":{"@type":"EntryPoint","urlTemplate":"https:\/\/motoridemedellin.com\/en\/?s={search_term_string}"},"query-input":{"@type":"PropertyValueSpecification","valueRequired":true,"valueName":"search_term_string"}}],"inLanguage":"es"},{"@type":"Organization","@id":"https:\/\/motoridemedellin.com\/en\/#organization","name":"Moto Ride Medellin","url":"https:\/\/motoridemedellin.com\/en\/","logo":{"@type":"ImageObject","inLanguage":"es","@id":"https:\/\/motoridemedellin.com\/en\/#\/schema\/logo\/image\/","url":"https:\/\/motoridemedellin.com\/wp-content\/uploads\/2020\/05\/Logo-grande-scaled.jpg","contentUrl":"https:\/\/motoridemedellin.com\/wp-content\/uploads\/2020\/05\/Logo-grande-scaled.jpg","width":2560,"height":2560,"caption":"Moto Ride Medellin"},"image":{"@id":"https:\/\/motoridemedellin.com\/en\/#\/schema\/logo\/image\/"},"sameAs":["https:\/\/www.facebook.com\/motoridemedellin\/","https:\/\/x.com\/motoridem","https:\/\/instagram.com\/motoridemedellin","https:\/\/www.linkedin.com\/company\/moto-ride-medellin","https:\/\/www.youtube.com\/channel\/UCO8kMoPzVrsKqgKiFxwTNmg"]},{"@type":"Person","@id":"https:\/\/motoridemedellin.com\/en\/#\/schema\/person\/0926e1597f0f8db4369c2ad7bcc88ff6","name":"dand0l3","image":{"@type":"ImageObject","inLanguage":"es","@id":"https:\/\/secure.gravatar.com\/avatar\/88ffdd34dc88df396ffb1ac304c432bfe51da8143e880e2f0ef524989862ddf2?s=96&d=mm&r=g","url":"https:\/\/secure.gravatar.com\/avatar\/88ffdd34dc88df396ffb1ac304c432bfe51da8143e880e2f0ef524989862ddf2?s=96&d=mm&r=g","contentUrl":"https:\/\/secure.gravatar.com\/avatar\/88ffdd34dc88df396ffb1ac304c432bfe51da8143e880e2f0ef524989862ddf2?s=96&d=mm&r=g","caption":"dand0l3"}}]}},"_links":{"self":[{"href":"https:\/\/motoridemedellin.com\/es\/wp-json\/wp\/v2\/posts\/11597","targetHints":{"allow":["GET"]}}],"collection":[{"href":"https:\/\/motoridemedellin.com\/es\/wp-json\/wp\/v2\/posts"}],"about":[{"href":"https:\/\/motoridemedellin.com\/es\/wp-json\/wp\/v2\/types\/post"}],"author":[{"embeddable":true,"href":"https:\/\/motoridemedellin.com\/es\/wp-json\/wp\/v2\/users\/5"}],"replies":[{"embeddable":true,"href":"https:\/\/motoridemedellin.com\/es\/wp-json\/wp\/v2\/comments?post=11597"}],"version-history":[{"count":1,"href":"https:\/\/motoridemedellin.com\/es\/wp-json\/wp\/v2\/posts\/11597\/revisions"}],"predecessor-version":[{"id":11598,"href":"https:\/\/motoridemedellin.com\/es\/wp-json\/wp\/v2\/posts\/11597\/revisions\/11598"}],"wp:featuredmedia":[{"embeddable":true,"href":"https:\/\/motoridemedellin.com\/es\/wp-json\/wp\/v2\/media\/11578"}],"wp:attachment":[{"href":"https:\/\/motoridemedellin.com\/es\/wp-json\/wp\/v2\/media?parent=11597"}],"wp:term":[{"taxonomy":"category","embeddable":true,"href":"https:\/\/motoridemedellin.com\/es\/wp-json\/wp\/v2\/categories?post=11597"},{"taxonomy":"post_tag","embeddable":true,"href":"https:\/\/motoridemedellin.com\/es\/wp-json\/wp\/v2\/tags?post=11597"}],"curies":[{"name":"wp","href":"https:\/\/api.w.org\/{rel}","templated":true}]}}